{"id":3456,"date":"2017-05-26T15:48:14","date_gmt":"2017-05-26T15:48:14","guid":{"rendered":"http:\/\/www.estudiolopetegui.com.ar\/la-consumacion-en-la-evasion-fiscal\/"},"modified":"2017-05-26T15:48:14","modified_gmt":"2017-05-26T15:48:14","slug":"la-consumacion-en-la-evasion-fiscal","status":"publish","type":"post","link":"https:\/\/www.estudiolopetegui.com.ar\/en\/la-consumacion-en-la-evasion-fiscal\/","title":{"rendered":"La Consumaci\u00f3n en la Evasi\u00f3n Fiscal"},"content":{"rendered":"[vc_row type=&#8221;in_container&#8221; full_screen_row_position=&#8221;middle&#8221; scene_position=&#8221;center&#8221; text_color=&#8221;dark&#8221; text_align=&#8221;left&#8221; overlay_strength=&#8221;0.3&#8243;][vc_column column_padding=&#8221;no-extra-padding&#8221; column_padding_position=&#8221;all&#8221; background_color_opacity=&#8221;1&#8243; background_hover_color_opacity=&#8221;1&#8243; column_shadow=&#8221;none&#8221; width=&#8221;2\/3&#8243; tablet_text_alignment=&#8221;default&#8221; phone_text_alignment=&#8221;default&#8221; column_border_width=&#8221;none&#8221; column_border_style=&#8221;solid&#8221;][vc_column_text]\n<h3>Publicado en: \u201cEL DERECHO\u201d Diario de doctrina y jurisprudencia.[\/vc_column_text][divider line_type=&#8221;No Line&#8221; custom_height=&#8221;40&#8243;][vc_column_text]Examen profundo sobre la necesidad de armonizar el aspecto temporal del hecho imponible con el derecho penal tributario\u2026[\/vc_column_text][divider line_type=&#8221;No Line&#8221; custom_height=&#8221;40&#8243;][vc_column_text]<a class=\"nectar-button n-sc-button medium accent-color has-icon regular-button\"  href=\"http:\/\/www.estudiolopetegui.com.ar\/wp-content\/uploads\/2017\/05\/El-Momento-Consumativo-En-El-Delito-De-Evasion-Fiscal-Robertino-Lopetegui.pdf\" data-color-override=\"false\" data-hover-color-override=\"false\" data-hover-text-color-override=\"#fff\"><span>Ver Art\u00edculo en Formato PDF<\/span><i class=\"icon-book\"><\/i><\/a>[\/vc_column_text][\/vc_column][vc_column column_padding=&#8221;padding-2-percent&#8221; column_padding_position=&#8221;all&#8221; background_color=&#8221;#000000&#8243; background_color_opacity=&#8221;1&#8243; background_hover_color_opacity=&#8221;1&#8243; column_shadow=&#8221;none&#8221; width=&#8221;1\/3&#8243; tablet_text_alignment=&#8221;default&#8221; phone_text_alignment=&#8221;default&#8221; column_border_width=&#8221;none&#8221; column_border_style=&#8221;solid&#8221;][image_with_animation image_url=&#8221;2667&#8243; alignment=&#8221;center&#8221; animation=&#8221;Fade In&#8221; box_shadow=&#8221;none&#8221; max_width=&#8221;100%&#8221;][divider line_type=&#8221;No Line&#8221; custom_height=&#8221;40&#8243;][vc_column_text]<\/h3>\n<h3 style=\"color: #fff;\">Robertino D. Lopetegui<\/h3>\n[\/vc_column_text][vc_column_text]\n<h5 style=\"color: #fff;\">Abogado (UBA). Contador (UADE). Especialista en tributaci\u00f3n y derecho penal econ\u00f3mico.<\/h5>\n[\/vc_column_text][\/vc_column][\/vc_row]\n","protected":false},"excerpt":{"rendered":"<p>Examen profundo sobre la necesidad de armonizar el aspecto temporal del hecho imponible con el derecho penal tributario&#8230;<\/p>\n","protected":false},"author":2,"featured_media":0,"comment_status":"closed","ping_status":"open","sticky":false,"template":"","format":"standard","meta":{"footnotes":""},"categories":[65],"tags":[],"class_list":{"0":"post-3456","1":"post","2":"type-post","3":"status-publish","4":"format-standard","6":"category-publications"},"yoast_head":"<!-- This site is optimized with the Yoast SEO plugin v27.5 - https:\/\/yoast.com\/product\/yoast-seo-wordpress\/ -->\n<title>La Consumaci\u00f3n en la Evasi\u00f3n Fiscal - Dual practice accounting and law firm - Estudio Lopetegui y Asociados<\/title>\n<meta name=\"robots\" content=\"index, follow, max-snippet:-1, max-image-preview:large, max-video-preview:-1\" \/>\n<link rel=\"canonical\" href=\"https:\/\/www.estudiolopetegui.com.ar\/en\/la-consumacion-en-la-evasion-fiscal\/\" \/>\n<meta property=\"og:locale\" content=\"en_US\" \/>\n<meta property=\"og:type\" content=\"article\" \/>\n<meta property=\"og:title\" content=\"La Consumaci\u00f3n en la Evasi\u00f3n Fiscal - Dual practice accounting and law firm - Estudio Lopetegui y Asociados\" \/>\n<meta property=\"og:description\" content=\"Examen profundo sobre la necesidad de armonizar el aspecto temporal del hecho imponible con el derecho penal tributario...\" \/>\n<meta property=\"og:url\" content=\"https:\/\/www.estudiolopetegui.com.ar\/en\/la-consumacion-en-la-evasion-fiscal\/\" \/>\n<meta property=\"og:site_name\" content=\"Dual practice accounting and law firm - Estudio Lopetegui y Asociados\" \/>\n<meta property=\"article:published_time\" content=\"2017-05-26T15:48:14+00:00\" \/>\n<meta name=\"author\" content=\"Robertino Lopetegui\" \/>\n<meta name=\"twitter:card\" content=\"summary_large_image\" \/>\n<meta name=\"twitter:label1\" content=\"Written by\" \/>\n\t<meta name=\"twitter:data1\" content=\"Robertino Lopetegui\" \/>\n\t<meta name=\"twitter:label2\" content=\"Est. reading time\" \/>\n\t<meta name=\"twitter:data2\" content=\"1 minute\" \/>\n<script type=\"application\/ld+json\" class=\"yoast-schema-graph\">{\"@context\":\"https:\\\/\\\/schema.org\",\"@graph\":[{\"@type\":\"Article\",\"@id\":\"https:\\\/\\\/www.estudiolopetegui.com.ar\\\/en\\\/la-consumacion-en-la-evasion-fiscal\\\/#article\",\"isPartOf\":{\"@id\":\"https:\\\/\\\/www.estudiolopetegui.com.ar\\\/en\\\/la-consumacion-en-la-evasion-fiscal\\\/\"},\"author\":{\"name\":\"Robertino Lopetegui\",\"@id\":\"https:\\\/\\\/www.estudiolopetegui.com.ar\\\/#\\\/schema\\\/person\\\/812598017ae029efa0aaa7b565517899\"},\"headline\":\"La Consumaci\u00f3n en la Evasi\u00f3n Fiscal\",\"datePublished\":\"2017-05-26T15:48:14+00:00\",\"mainEntityOfPage\":{\"@id\":\"https:\\\/\\\/www.estudiolopetegui.com.ar\\\/en\\\/la-consumacion-en-la-evasion-fiscal\\\/\"},\"wordCount\":250,\"articleSection\":[\"Publications\"],\"inLanguage\":\"en-US\"},{\"@type\":\"WebPage\",\"@id\":\"https:\\\/\\\/www.estudiolopetegui.com.ar\\\/en\\\/la-consumacion-en-la-evasion-fiscal\\\/\",\"url\":\"https:\\\/\\\/www.estudiolopetegui.com.ar\\\/en\\\/la-consumacion-en-la-evasion-fiscal\\\/\",\"name\":\"La Consumaci\u00f3n en la Evasi\u00f3n Fiscal - Dual practice accounting and law firm - Estudio Lopetegui y Asociados\",\"isPartOf\":{\"@id\":\"https:\\\/\\\/www.estudiolopetegui.com.ar\\\/#website\"},\"datePublished\":\"2017-05-26T15:48:14+00:00\",\"author\":{\"@id\":\"https:\\\/\\\/www.estudiolopetegui.com.ar\\\/#\\\/schema\\\/person\\\/812598017ae029efa0aaa7b565517899\"},\"breadcrumb\":{\"@id\":\"https:\\\/\\\/www.estudiolopetegui.com.ar\\\/en\\\/la-consumacion-en-la-evasion-fiscal\\\/#breadcrumb\"},\"inLanguage\":\"en-US\",\"potentialAction\":[{\"@type\":\"ReadAction\",\"target\":[\"https:\\\/\\\/www.estudiolopetegui.com.ar\\\/en\\\/la-consumacion-en-la-evasion-fiscal\\\/\"]}]},{\"@type\":\"BreadcrumbList\",\"@id\":\"https:\\\/\\\/www.estudiolopetegui.com.ar\\\/en\\\/la-consumacion-en-la-evasion-fiscal\\\/#breadcrumb\",\"itemListElement\":[{\"@type\":\"ListItem\",\"position\":1,\"name\":\"Portada\",\"item\":\"https:\\\/\\\/www.estudiolopetegui.com.ar\\\/en\\\/\"},{\"@type\":\"ListItem\",\"position\":2,\"name\":\"La Consumaci\u00f3n en la Evasi\u00f3n Fiscal\"}]},{\"@type\":\"WebSite\",\"@id\":\"https:\\\/\\\/www.estudiolopetegui.com.ar\\\/#website\",\"url\":\"https:\\\/\\\/www.estudiolopetegui.com.ar\\\/\",\"name\":\"Dual practice accounting and law firm - Estudio Lopetegui y Asociados\",\"description\":\"\",\"potentialAction\":[{\"@type\":\"SearchAction\",\"target\":{\"@type\":\"EntryPoint\",\"urlTemplate\":\"https:\\\/\\\/www.estudiolopetegui.com.ar\\\/?s={search_term_string}\"},\"query-input\":{\"@type\":\"PropertyValueSpecification\",\"valueRequired\":true,\"valueName\":\"search_term_string\"}}],\"inLanguage\":\"en-US\"},{\"@type\":\"Person\",\"@id\":\"https:\\\/\\\/www.estudiolopetegui.com.ar\\\/#\\\/schema\\\/person\\\/812598017ae029efa0aaa7b565517899\",\"name\":\"Robertino Lopetegui\",\"image\":{\"@type\":\"ImageObject\",\"inLanguage\":\"en-US\",\"@id\":\"https:\\\/\\\/www.estudiolopetegui.com.ar\\\/wp-content\\\/litespeed\\\/avatar\\\/c6babeac93d7e21efc679dcc6b8bcc30.jpg?ver=1776903831\",\"url\":\"https:\\\/\\\/www.estudiolopetegui.com.ar\\\/wp-content\\\/litespeed\\\/avatar\\\/c6babeac93d7e21efc679dcc6b8bcc30.jpg?ver=1776903831\",\"contentUrl\":\"https:\\\/\\\/www.estudiolopetegui.com.ar\\\/wp-content\\\/litespeed\\\/avatar\\\/c6babeac93d7e21efc679dcc6b8bcc30.jpg?ver=1776903831\",\"caption\":\"Robertino Lopetegui\"},\"description\":\"Abogado (UBA). Contador P\u00fablico (UADE). Posgrado en Derecho Penal Tributario (UBA). Especialista en derecho tributario y derecho penal tributario. Miembro de la asociaci\u00f3n argentina de estudios fiscales. Miembro de la comisi\u00f3n de Derecho Tributario del Colegio P\u00fablico de Abogados. Perito contable en los fueros laboral, comercial, civil, contencioso-administrativo y penal tributario. Autor de art\u00edculos y publicaciones en materia tributaria y penal tributaria. Se ha desempe\u00f1ado como abogado y contador en estudios de alta gama y de orientaci\u00f3n en Pymes.\",\"sameAs\":[\"http:\\\/\\\/www.estudiolopetegui.com.ar\"],\"url\":\"https:\\\/\\\/www.estudiolopetegui.com.ar\\\/en\\\/author\\\/robertino-lopetegui\\\/\"}]}<\/script>\n<!-- \/ Yoast SEO plugin. -->","yoast_head_json":{"title":"La Consumaci\u00f3n en la Evasi\u00f3n Fiscal - Dual practice accounting and law firm - Estudio Lopetegui y Asociados","robots":{"index":"index","follow":"follow","max-snippet":"max-snippet:-1","max-image-preview":"max-image-preview:large","max-video-preview":"max-video-preview:-1"},"canonical":"https:\/\/www.estudiolopetegui.com.ar\/en\/la-consumacion-en-la-evasion-fiscal\/","og_locale":"en_US","og_type":"article","og_title":"La Consumaci\u00f3n en la Evasi\u00f3n Fiscal - Dual practice accounting and law firm - Estudio Lopetegui y Asociados","og_description":"Examen profundo sobre la necesidad de armonizar el aspecto temporal del hecho imponible con el derecho penal tributario...","og_url":"https:\/\/www.estudiolopetegui.com.ar\/en\/la-consumacion-en-la-evasion-fiscal\/","og_site_name":"Dual practice accounting and law firm - Estudio Lopetegui y Asociados","article_published_time":"2017-05-26T15:48:14+00:00","author":"Robertino Lopetegui","twitter_card":"summary_large_image","twitter_misc":{"Written by":"Robertino Lopetegui","Est. reading time":"1 minute"},"schema":{"@context":"https:\/\/schema.org","@graph":[{"@type":"Article","@id":"https:\/\/www.estudiolopetegui.com.ar\/en\/la-consumacion-en-la-evasion-fiscal\/#article","isPartOf":{"@id":"https:\/\/www.estudiolopetegui.com.ar\/en\/la-consumacion-en-la-evasion-fiscal\/"},"author":{"name":"Robertino Lopetegui","@id":"https:\/\/www.estudiolopetegui.com.ar\/#\/schema\/person\/812598017ae029efa0aaa7b565517899"},"headline":"La Consumaci\u00f3n en la Evasi\u00f3n Fiscal","datePublished":"2017-05-26T15:48:14+00:00","mainEntityOfPage":{"@id":"https:\/\/www.estudiolopetegui.com.ar\/en\/la-consumacion-en-la-evasion-fiscal\/"},"wordCount":250,"articleSection":["Publications"],"inLanguage":"en-US"},{"@type":"WebPage","@id":"https:\/\/www.estudiolopetegui.com.ar\/en\/la-consumacion-en-la-evasion-fiscal\/","url":"https:\/\/www.estudiolopetegui.com.ar\/en\/la-consumacion-en-la-evasion-fiscal\/","name":"La Consumaci\u00f3n en la Evasi\u00f3n Fiscal - Dual practice accounting and law firm - Estudio Lopetegui y Asociados","isPartOf":{"@id":"https:\/\/www.estudiolopetegui.com.ar\/#website"},"datePublished":"2017-05-26T15:48:14+00:00","author":{"@id":"https:\/\/www.estudiolopetegui.com.ar\/#\/schema\/person\/812598017ae029efa0aaa7b565517899"},"breadcrumb":{"@id":"https:\/\/www.estudiolopetegui.com.ar\/en\/la-consumacion-en-la-evasion-fiscal\/#breadcrumb"},"inLanguage":"en-US","potentialAction":[{"@type":"ReadAction","target":["https:\/\/www.estudiolopetegui.com.ar\/en\/la-consumacion-en-la-evasion-fiscal\/"]}]},{"@type":"BreadcrumbList","@id":"https:\/\/www.estudiolopetegui.com.ar\/en\/la-consumacion-en-la-evasion-fiscal\/#breadcrumb","itemListElement":[{"@type":"ListItem","position":1,"name":"Portada","item":"https:\/\/www.estudiolopetegui.com.ar\/en\/"},{"@type":"ListItem","position":2,"name":"La Consumaci\u00f3n en la Evasi\u00f3n Fiscal"}]},{"@type":"WebSite","@id":"https:\/\/www.estudiolopetegui.com.ar\/#website","url":"https:\/\/www.estudiolopetegui.com.ar\/","name":"Dual practice accounting and law firm - Estudio Lopetegui y Asociados","description":"","potentialAction":[{"@type":"SearchAction","target":{"@type":"EntryPoint","urlTemplate":"https:\/\/www.estudiolopetegui.com.ar\/?s={search_term_string}"},"query-input":{"@type":"PropertyValueSpecification","valueRequired":true,"valueName":"search_term_string"}}],"inLanguage":"en-US"},{"@type":"Person","@id":"https:\/\/www.estudiolopetegui.com.ar\/#\/schema\/person\/812598017ae029efa0aaa7b565517899","name":"Robertino Lopetegui","image":{"@type":"ImageObject","inLanguage":"en-US","@id":"https:\/\/www.estudiolopetegui.com.ar\/wp-content\/litespeed\/avatar\/c6babeac93d7e21efc679dcc6b8bcc30.jpg?ver=1776903831","url":"https:\/\/www.estudiolopetegui.com.ar\/wp-content\/litespeed\/avatar\/c6babeac93d7e21efc679dcc6b8bcc30.jpg?ver=1776903831","contentUrl":"https:\/\/www.estudiolopetegui.com.ar\/wp-content\/litespeed\/avatar\/c6babeac93d7e21efc679dcc6b8bcc30.jpg?ver=1776903831","caption":"Robertino Lopetegui"},"description":"Abogado (UBA). Contador P\u00fablico (UADE). Posgrado en Derecho Penal Tributario (UBA). Especialista en derecho tributario y derecho penal tributario. Miembro de la asociaci\u00f3n argentina de estudios fiscales. Miembro de la comisi\u00f3n de Derecho Tributario del Colegio P\u00fablico de Abogados. Perito contable en los fueros laboral, comercial, civil, contencioso-administrativo y penal tributario. Autor de art\u00edculos y publicaciones en materia tributaria y penal tributaria. Se ha desempe\u00f1ado como abogado y contador en estudios de alta gama y de orientaci\u00f3n en Pymes.","sameAs":["http:\/\/www.estudiolopetegui.com.ar"],"url":"https:\/\/www.estudiolopetegui.com.ar\/en\/author\/robertino-lopetegui\/"}]}},"_links":{"self":[{"href":"https:\/\/www.estudiolopetegui.com.ar\/en\/wp-json\/wp\/v2\/posts\/3456","targetHints":{"allow":["GET"]}}],"collection":[{"href":"https:\/\/www.estudiolopetegui.com.ar\/en\/wp-json\/wp\/v2\/posts"}],"about":[{"href":"https:\/\/www.estudiolopetegui.com.ar\/en\/wp-json\/wp\/v2\/types\/post"}],"author":[{"embeddable":true,"href":"https:\/\/www.estudiolopetegui.com.ar\/en\/wp-json\/wp\/v2\/users\/2"}],"replies":[{"embeddable":true,"href":"https:\/\/www.estudiolopetegui.com.ar\/en\/wp-json\/wp\/v2\/comments?post=3456"}],"version-history":[{"count":0,"href":"https:\/\/www.estudiolopetegui.com.ar\/en\/wp-json\/wp\/v2\/posts\/3456\/revisions"}],"wp:attachment":[{"href":"https:\/\/www.estudiolopetegui.com.ar\/en\/wp-json\/wp\/v2\/media?parent=3456"}],"wp:term":[{"taxonomy":"category","embeddable":true,"href":"https:\/\/www.estudiolopetegui.com.ar\/en\/wp-json\/wp\/v2\/categories?post=3456"},{"taxonomy":"post_tag","embeddable":true,"href":"https:\/\/www.estudiolopetegui.com.ar\/en\/wp-json\/wp\/v2\/tags?post=3456"}],"curies":[{"name":"wp","href":"https:\/\/api.w.org\/{rel}","templated":true}]}}