{"id":3452,"date":"2019-01-08T15:02:16","date_gmt":"2019-01-08T15:02:16","guid":{"rendered":"http:\/\/www.estudiolopetegui.com.ar\/facturas-apocrifas-impacto-en-sede-penal-y-tributario\/"},"modified":"2019-01-08T15:02:16","modified_gmt":"2019-01-08T15:02:16","slug":"facturas-apocrifas-impacto-en-sede-penal-y-tributario","status":"publish","type":"post","link":"https:\/\/www.estudiolopetegui.com.ar\/en\/facturas-apocrifas-impacto-en-sede-penal-y-tributario\/","title":{"rendered":"Facturas Apocrifas: Impacto En Sede Penal Y Tributario"},"content":{"rendered":"[vc_row type=&#8221;in_container&#8221; full_screen_row_position=&#8221;middle&#8221; scene_position=&#8221;center&#8221; text_color=&#8221;dark&#8221; text_align=&#8221;left&#8221; overlay_strength=&#8221;0.3&#8243; shape_divider_position=&#8221;bottom&#8221;][vc_column column_padding=&#8221;no-extra-padding&#8221; column_padding_position=&#8221;all&#8221; background_color_opacity=&#8221;1&#8243; background_hover_color_opacity=&#8221;1&#8243; column_link_target=&#8221;_self&#8221; column_shadow=&#8221;none&#8221; column_border_radius=&#8221;none&#8221; width=&#8221;2\/3&#8243; tablet_width_inherit=&#8221;default&#8221; tablet_text_alignment=&#8221;default&#8221; phone_text_alignment=&#8221;default&#8221; column_border_width=&#8221;none&#8221; column_border_style=&#8221;solid&#8221;][vc_column_text]\n<h3>Se analiza el impacto penal y tributario por el empleo de facturas truchas.<\/h3>\n[\/vc_column_text][divider line_type=&#8221;No Line&#8221; custom_height=&#8221;40&#8243;][nectar_btn size=&#8221;medium&#8221; open_new_tab=&#8221;true&#8221; button_style=&#8221;regular&#8221; button_color_2=&#8221;Accent-Color&#8221; icon_family=&#8221;default_arrow&#8221; url=&#8221;http:\/\/abogados.com.ar\/facturas-apocrifas-impacto-en-sede-tributaria-y-penal\/22812&#8243; text=&#8221;Ver Art\u00edculo Online&#8221;][divider line_type=&#8221;No Line&#8221; custom_height=&#8221;40&#8243;][vc_column_text]<a class=\"nectar-button n-sc-button medium accent-color has-icon regular-button\"  href=\"http:\/\/www.estudiolopetegui.com.ar\/wp-content\/uploads\/2019\/01\/Facturas-Apocrifas-Impacto-En-Sede-Penal-Y-Tributario-por-Robertino-Lopetegui.pdf\" data-color-override=\"false\" data-hover-color-override=\"false\" data-hover-text-color-override=\"#fff\"><span>Ver Art\u00edculo en Formato PDF<\/span><i class=\"icon-book\"><\/i><\/a>[\/vc_column_text][\/vc_column][vc_column column_padding=&#8221;padding-2-percent&#8221; column_padding_position=&#8221;all&#8221; background_color=&#8221;#000000&#8243; background_color_opacity=&#8221;1&#8243; background_hover_color_opacity=&#8221;1&#8243; column_link_target=&#8221;_self&#8221; column_shadow=&#8221;none&#8221; column_border_radius=&#8221;none&#8221; width=&#8221;1\/3&#8243; tablet_width_inherit=&#8221;default&#8221; tablet_text_alignment=&#8221;default&#8221; phone_text_alignment=&#8221;default&#8221; column_border_width=&#8221;none&#8221; column_border_style=&#8221;solid&#8221;][image_with_animation image_url=&#8221;2667&#8243; alignment=&#8221;center&#8221; animation=&#8221;Fade In&#8221; border_radius=&#8221;none&#8221; box_shadow=&#8221;none&#8221; max_width=&#8221;100%&#8221;][divider line_type=&#8221;No Line&#8221; custom_height=&#8221;40&#8243;][vc_column_text]\n<h3 style=\"color: #fff;\">Robertino D. Lopetegui<\/h3>\n[\/vc_column_text][vc_column_text]\n<p style=\"color: #fff;\">Abogado (UBA). Contador P\u00fablico (UADE). Posgrado en Derecho Penal Tributario (UBA). Especialista en Derecho Tributario y Derecho Penal Tributario. Miembro de la Asociaci\u00f3n Argentina de Estudios Fiscales (Comisi\u00f3n Penal Tributario). Miembro de la Comisi\u00f3n de Derecho Tributario del Colegio P\u00fablico de Abogados Cap. Fed. Perito contable en los fueros laboral, comercial, civil, contencioso-administrativo y penal tributario. Autor de art\u00edculos y publicaciones en materia tributaria y penal tributaria. Idioma ingl\u00e9s biling\u00fce.<\/p>\n[\/vc_column_text][\/vc_column][\/vc_row]\n","protected":false},"excerpt":{"rendered":"<p>Se analiza el impacto penal y tributario por el empleo de facturas truchas<\/p>\n","protected":false},"author":2,"featured_media":0,"comment_status":"closed","ping_status":"closed","sticky":false,"template":"","format":"standard","meta":{"footnotes":""},"categories":[65],"tags":[],"class_list":{"0":"post-3452","1":"post","2":"type-post","3":"status-publish","4":"format-standard","6":"category-publications"},"yoast_head":"<!-- This site is optimized with the Yoast SEO plugin v27.5 - https:\/\/yoast.com\/product\/yoast-seo-wordpress\/ -->\n<title>Facturas Apocrifas: Impacto En Sede Penal Y Tributario - Dual practice accounting and law firm - Estudio Lopetegui y Asociados<\/title>\n<meta name=\"robots\" content=\"index, follow, max-snippet:-1, max-image-preview:large, max-video-preview:-1\" \/>\n<link rel=\"canonical\" href=\"https:\/\/www.estudiolopetegui.com.ar\/en\/facturas-apocrifas-impacto-en-sede-penal-y-tributario\/\" \/>\n<meta property=\"og:locale\" content=\"en_US\" \/>\n<meta property=\"og:type\" content=\"article\" \/>\n<meta property=\"og:title\" content=\"Facturas Apocrifas: Impacto En Sede Penal Y Tributario - Dual practice accounting and law firm - Estudio Lopetegui y Asociados\" \/>\n<meta property=\"og:description\" content=\"Se analiza el impacto penal y tributario por el empleo de facturas truchas\" \/>\n<meta property=\"og:url\" content=\"https:\/\/www.estudiolopetegui.com.ar\/en\/facturas-apocrifas-impacto-en-sede-penal-y-tributario\/\" \/>\n<meta property=\"og:site_name\" content=\"Dual practice accounting and law firm - Estudio Lopetegui y Asociados\" \/>\n<meta property=\"article:published_time\" content=\"2019-01-08T15:02:16+00:00\" \/>\n<meta name=\"author\" content=\"Robertino Lopetegui\" \/>\n<meta name=\"twitter:card\" content=\"summary_large_image\" \/>\n<meta name=\"twitter:label1\" content=\"Written by\" \/>\n\t<meta name=\"twitter:data1\" content=\"Robertino Lopetegui\" \/>\n\t<meta name=\"twitter:label2\" content=\"Est. reading time\" \/>\n\t<meta name=\"twitter:data2\" content=\"2 minutes\" \/>\n<script type=\"application\/ld+json\" class=\"yoast-schema-graph\">{\"@context\":\"https:\\\/\\\/schema.org\",\"@graph\":[{\"@type\":\"Article\",\"@id\":\"https:\\\/\\\/www.estudiolopetegui.com.ar\\\/en\\\/facturas-apocrifas-impacto-en-sede-penal-y-tributario\\\/#article\",\"isPartOf\":{\"@id\":\"https:\\\/\\\/www.estudiolopetegui.com.ar\\\/en\\\/facturas-apocrifas-impacto-en-sede-penal-y-tributario\\\/\"},\"author\":{\"name\":\"Robertino Lopetegui\",\"@id\":\"https:\\\/\\\/www.estudiolopetegui.com.ar\\\/#\\\/schema\\\/person\\\/812598017ae029efa0aaa7b565517899\"},\"headline\":\"Facturas Apocrifas: Impacto En Sede Penal Y Tributario\",\"datePublished\":\"2019-01-08T15:02:16+00:00\",\"mainEntityOfPage\":{\"@id\":\"https:\\\/\\\/www.estudiolopetegui.com.ar\\\/en\\\/facturas-apocrifas-impacto-en-sede-penal-y-tributario\\\/\"},\"wordCount\":355,\"articleSection\":[\"Publications\"],\"inLanguage\":\"en-US\"},{\"@type\":\"WebPage\",\"@id\":\"https:\\\/\\\/www.estudiolopetegui.com.ar\\\/en\\\/facturas-apocrifas-impacto-en-sede-penal-y-tributario\\\/\",\"url\":\"https:\\\/\\\/www.estudiolopetegui.com.ar\\\/en\\\/facturas-apocrifas-impacto-en-sede-penal-y-tributario\\\/\",\"name\":\"Facturas Apocrifas: Impacto En Sede Penal Y Tributario - Dual practice accounting and law firm - Estudio Lopetegui y Asociados\",\"isPartOf\":{\"@id\":\"https:\\\/\\\/www.estudiolopetegui.com.ar\\\/#website\"},\"datePublished\":\"2019-01-08T15:02:16+00:00\",\"author\":{\"@id\":\"https:\\\/\\\/www.estudiolopetegui.com.ar\\\/#\\\/schema\\\/person\\\/812598017ae029efa0aaa7b565517899\"},\"breadcrumb\":{\"@id\":\"https:\\\/\\\/www.estudiolopetegui.com.ar\\\/en\\\/facturas-apocrifas-impacto-en-sede-penal-y-tributario\\\/#breadcrumb\"},\"inLanguage\":\"en-US\",\"potentialAction\":[{\"@type\":\"ReadAction\",\"target\":[\"https:\\\/\\\/www.estudiolopetegui.com.ar\\\/en\\\/facturas-apocrifas-impacto-en-sede-penal-y-tributario\\\/\"]}]},{\"@type\":\"BreadcrumbList\",\"@id\":\"https:\\\/\\\/www.estudiolopetegui.com.ar\\\/en\\\/facturas-apocrifas-impacto-en-sede-penal-y-tributario\\\/#breadcrumb\",\"itemListElement\":[{\"@type\":\"ListItem\",\"position\":1,\"name\":\"Portada\",\"item\":\"https:\\\/\\\/www.estudiolopetegui.com.ar\\\/en\\\/\"},{\"@type\":\"ListItem\",\"position\":2,\"name\":\"Facturas Apocrifas: Impacto En Sede Penal Y Tributario\"}]},{\"@type\":\"WebSite\",\"@id\":\"https:\\\/\\\/www.estudiolopetegui.com.ar\\\/#website\",\"url\":\"https:\\\/\\\/www.estudiolopetegui.com.ar\\\/\",\"name\":\"Dual practice accounting and law firm - Estudio Lopetegui y Asociados\",\"description\":\"\",\"potentialAction\":[{\"@type\":\"SearchAction\",\"target\":{\"@type\":\"EntryPoint\",\"urlTemplate\":\"https:\\\/\\\/www.estudiolopetegui.com.ar\\\/?s={search_term_string}\"},\"query-input\":{\"@type\":\"PropertyValueSpecification\",\"valueRequired\":true,\"valueName\":\"search_term_string\"}}],\"inLanguage\":\"en-US\"},{\"@type\":\"Person\",\"@id\":\"https:\\\/\\\/www.estudiolopetegui.com.ar\\\/#\\\/schema\\\/person\\\/812598017ae029efa0aaa7b565517899\",\"name\":\"Robertino Lopetegui\",\"image\":{\"@type\":\"ImageObject\",\"inLanguage\":\"en-US\",\"@id\":\"https:\\\/\\\/www.estudiolopetegui.com.ar\\\/wp-content\\\/litespeed\\\/avatar\\\/c6babeac93d7e21efc679dcc6b8bcc30.jpg?ver=1776903831\",\"url\":\"https:\\\/\\\/www.estudiolopetegui.com.ar\\\/wp-content\\\/litespeed\\\/avatar\\\/c6babeac93d7e21efc679dcc6b8bcc30.jpg?ver=1776903831\",\"contentUrl\":\"https:\\\/\\\/www.estudiolopetegui.com.ar\\\/wp-content\\\/litespeed\\\/avatar\\\/c6babeac93d7e21efc679dcc6b8bcc30.jpg?ver=1776903831\",\"caption\":\"Robertino Lopetegui\"},\"description\":\"Abogado (UBA). Contador P\u00fablico (UADE). Posgrado en Derecho Penal Tributario (UBA). Especialista en derecho tributario y derecho penal tributario. Miembro de la asociaci\u00f3n argentina de estudios fiscales. Miembro de la comisi\u00f3n de Derecho Tributario del Colegio P\u00fablico de Abogados. Perito contable en los fueros laboral, comercial, civil, contencioso-administrativo y penal tributario. Autor de art\u00edculos y publicaciones en materia tributaria y penal tributaria. Se ha desempe\u00f1ado como abogado y contador en estudios de alta gama y de orientaci\u00f3n en Pymes.\",\"sameAs\":[\"http:\\\/\\\/www.estudiolopetegui.com.ar\"],\"url\":\"https:\\\/\\\/www.estudiolopetegui.com.ar\\\/en\\\/author\\\/robertino-lopetegui\\\/\"}]}<\/script>\n<!-- \/ Yoast SEO plugin. -->","yoast_head_json":{"title":"Facturas Apocrifas: Impacto En Sede Penal Y Tributario - Dual practice accounting and law firm - Estudio Lopetegui y Asociados","robots":{"index":"index","follow":"follow","max-snippet":"max-snippet:-1","max-image-preview":"max-image-preview:large","max-video-preview":"max-video-preview:-1"},"canonical":"https:\/\/www.estudiolopetegui.com.ar\/en\/facturas-apocrifas-impacto-en-sede-penal-y-tributario\/","og_locale":"en_US","og_type":"article","og_title":"Facturas Apocrifas: Impacto En Sede Penal Y Tributario - Dual practice accounting and law firm - Estudio Lopetegui y Asociados","og_description":"Se analiza el impacto penal y tributario por el empleo de facturas truchas","og_url":"https:\/\/www.estudiolopetegui.com.ar\/en\/facturas-apocrifas-impacto-en-sede-penal-y-tributario\/","og_site_name":"Dual practice accounting and law firm - Estudio Lopetegui y Asociados","article_published_time":"2019-01-08T15:02:16+00:00","author":"Robertino Lopetegui","twitter_card":"summary_large_image","twitter_misc":{"Written by":"Robertino Lopetegui","Est. reading time":"2 minutes"},"schema":{"@context":"https:\/\/schema.org","@graph":[{"@type":"Article","@id":"https:\/\/www.estudiolopetegui.com.ar\/en\/facturas-apocrifas-impacto-en-sede-penal-y-tributario\/#article","isPartOf":{"@id":"https:\/\/www.estudiolopetegui.com.ar\/en\/facturas-apocrifas-impacto-en-sede-penal-y-tributario\/"},"author":{"name":"Robertino Lopetegui","@id":"https:\/\/www.estudiolopetegui.com.ar\/#\/schema\/person\/812598017ae029efa0aaa7b565517899"},"headline":"Facturas Apocrifas: Impacto En Sede Penal Y Tributario","datePublished":"2019-01-08T15:02:16+00:00","mainEntityOfPage":{"@id":"https:\/\/www.estudiolopetegui.com.ar\/en\/facturas-apocrifas-impacto-en-sede-penal-y-tributario\/"},"wordCount":355,"articleSection":["Publications"],"inLanguage":"en-US"},{"@type":"WebPage","@id":"https:\/\/www.estudiolopetegui.com.ar\/en\/facturas-apocrifas-impacto-en-sede-penal-y-tributario\/","url":"https:\/\/www.estudiolopetegui.com.ar\/en\/facturas-apocrifas-impacto-en-sede-penal-y-tributario\/","name":"Facturas Apocrifas: Impacto En Sede Penal Y Tributario - Dual practice accounting and law firm - Estudio Lopetegui y Asociados","isPartOf":{"@id":"https:\/\/www.estudiolopetegui.com.ar\/#website"},"datePublished":"2019-01-08T15:02:16+00:00","author":{"@id":"https:\/\/www.estudiolopetegui.com.ar\/#\/schema\/person\/812598017ae029efa0aaa7b565517899"},"breadcrumb":{"@id":"https:\/\/www.estudiolopetegui.com.ar\/en\/facturas-apocrifas-impacto-en-sede-penal-y-tributario\/#breadcrumb"},"inLanguage":"en-US","potentialAction":[{"@type":"ReadAction","target":["https:\/\/www.estudiolopetegui.com.ar\/en\/facturas-apocrifas-impacto-en-sede-penal-y-tributario\/"]}]},{"@type":"BreadcrumbList","@id":"https:\/\/www.estudiolopetegui.com.ar\/en\/facturas-apocrifas-impacto-en-sede-penal-y-tributario\/#breadcrumb","itemListElement":[{"@type":"ListItem","position":1,"name":"Portada","item":"https:\/\/www.estudiolopetegui.com.ar\/en\/"},{"@type":"ListItem","position":2,"name":"Facturas Apocrifas: Impacto En Sede Penal Y Tributario"}]},{"@type":"WebSite","@id":"https:\/\/www.estudiolopetegui.com.ar\/#website","url":"https:\/\/www.estudiolopetegui.com.ar\/","name":"Dual practice accounting and law firm - Estudio Lopetegui y Asociados","description":"","potentialAction":[{"@type":"SearchAction","target":{"@type":"EntryPoint","urlTemplate":"https:\/\/www.estudiolopetegui.com.ar\/?s={search_term_string}"},"query-input":{"@type":"PropertyValueSpecification","valueRequired":true,"valueName":"search_term_string"}}],"inLanguage":"en-US"},{"@type":"Person","@id":"https:\/\/www.estudiolopetegui.com.ar\/#\/schema\/person\/812598017ae029efa0aaa7b565517899","name":"Robertino Lopetegui","image":{"@type":"ImageObject","inLanguage":"en-US","@id":"https:\/\/www.estudiolopetegui.com.ar\/wp-content\/litespeed\/avatar\/c6babeac93d7e21efc679dcc6b8bcc30.jpg?ver=1776903831","url":"https:\/\/www.estudiolopetegui.com.ar\/wp-content\/litespeed\/avatar\/c6babeac93d7e21efc679dcc6b8bcc30.jpg?ver=1776903831","contentUrl":"https:\/\/www.estudiolopetegui.com.ar\/wp-content\/litespeed\/avatar\/c6babeac93d7e21efc679dcc6b8bcc30.jpg?ver=1776903831","caption":"Robertino Lopetegui"},"description":"Abogado (UBA). Contador P\u00fablico (UADE). Posgrado en Derecho Penal Tributario (UBA). Especialista en derecho tributario y derecho penal tributario. Miembro de la asociaci\u00f3n argentina de estudios fiscales. Miembro de la comisi\u00f3n de Derecho Tributario del Colegio P\u00fablico de Abogados. Perito contable en los fueros laboral, comercial, civil, contencioso-administrativo y penal tributario. Autor de art\u00edculos y publicaciones en materia tributaria y penal tributaria. Se ha desempe\u00f1ado como abogado y contador en estudios de alta gama y de orientaci\u00f3n en Pymes.","sameAs":["http:\/\/www.estudiolopetegui.com.ar"],"url":"https:\/\/www.estudiolopetegui.com.ar\/en\/author\/robertino-lopetegui\/"}]}},"_links":{"self":[{"href":"https:\/\/www.estudiolopetegui.com.ar\/en\/wp-json\/wp\/v2\/posts\/3452","targetHints":{"allow":["GET"]}}],"collection":[{"href":"https:\/\/www.estudiolopetegui.com.ar\/en\/wp-json\/wp\/v2\/posts"}],"about":[{"href":"https:\/\/www.estudiolopetegui.com.ar\/en\/wp-json\/wp\/v2\/types\/post"}],"author":[{"embeddable":true,"href":"https:\/\/www.estudiolopetegui.com.ar\/en\/wp-json\/wp\/v2\/users\/2"}],"replies":[{"embeddable":true,"href":"https:\/\/www.estudiolopetegui.com.ar\/en\/wp-json\/wp\/v2\/comments?post=3452"}],"version-history":[{"count":0,"href":"https:\/\/www.estudiolopetegui.com.ar\/en\/wp-json\/wp\/v2\/posts\/3452\/revisions"}],"wp:attachment":[{"href":"https:\/\/www.estudiolopetegui.com.ar\/en\/wp-json\/wp\/v2\/media?parent=3452"}],"wp:term":[{"taxonomy":"category","embeddable":true,"href":"https:\/\/www.estudiolopetegui.com.ar\/en\/wp-json\/wp\/v2\/categories?post=3452"},{"taxonomy":"post_tag","embeddable":true,"href":"https:\/\/www.estudiolopetegui.com.ar\/en\/wp-json\/wp\/v2\/tags?post=3452"}],"curies":[{"name":"wp","href":"https:\/\/api.w.org\/{rel}","templated":true}]}}